{"id":149,"date":"2013-05-01T20:33:28","date_gmt":"2013-05-01T19:33:28","guid":{"rendered":"http:\/\/www.volkswouter.nl\/web\/?p=149"},"modified":"2026-01-04T10:33:50","modified_gmt":"2026-01-04T08:33:50","slug":"ar-73-49-volkswagen-transporter-microbus-1957","status":"publish","type":"post","link":"https:\/\/www.volkswouter.nl\/web\/ar-73-49-volkswagen-transporter-microbus-1957\/","title":{"rendered":"AR-73-49 Volkswagen Transporter Microbus 1957"},"content":{"rendered":"<p>2012, mijn vrouw is zwanger en ik zie de <a href=\"https:\/\/www.volkswouter.nl\/web\/rv-28-72-volkswagen-transporter-bestelwagen-1958\/\" title=\"RV-28-72 Volkswagen Transporter bestelwagen 1958\">RV-28-72<\/a> nooit meer afkomen.<br \/>\nOp een meeting in Belgi\u00eb laat ik vallen dat ik misschien de bus wel wil verkopen.<br \/>\nDe maandag erna werd ik gebeld door een ge\u00efnteresseerde die de bus uiteindelijk ook heeft gekocht.<\/p>\n<p>Hierna ben ik opzoek gegaan naar een nieuw project, \u00e9\u00e9n met het liefste minder werk.<br \/>\nHet moest een vroege Transporter worden omdat ik hier al veel onderdelen voor had verzameld en uiteindelijk heb ik deze 57&#8217;er Microbus gekocht.<br \/>\nMinder werk is uiteindelijk een <a href=\"https:\/\/www.volkswouter.nl\/web\/category\/ar-73-49_restauratie\/\" rel=\"noopener noreferrer\" target=\"_blank\">complete restauratie<\/a> geworden.<br \/>\n\n\t\t<style type=\"text\/css\">\n\t\t\t#gallery-1 {\n\t\t\t\tmargin: auto;\n\t\t\t}\n\t\t\t#gallery-1 .gallery-item {\n\t\t\t\tfloat: left;\n\t\t\t\tmargin-top: 10px;\n\t\t\t\ttext-align: center;\n\t\t\t\twidth: 33%;\n\t\t\t}\n\t\t\t#gallery-1 img {\n\t\t\t\tborder: 2px solid #cfcfcf;\n\t\t\t}\n\t\t\t#gallery-1 .gallery-caption {\n\t\t\t\tmargin-left: 0;\n\t\t\t}\n\t\t\t\/* see gallery_shortcode() in wp-includes\/media.php *\/\n\t\t<\/style>\n\t\t<div id='gallery-1' class='gallery galleryid-149 gallery-columns-3 gallery-size-large'><dl class='gallery-item'>\n\t\t\t<dt class='gallery-icon landscape'>\n\t\t\t\t<a href='https:\/\/www.volkswouter.nl\/web\/wp-content\/uploads\/2013\/05\/2012_Volkscrow_Volkswagen_Transporter_Microbus_1957_0.jpg'><img loading=\"lazy\" decoding=\"async\" width=\"900\" height=\"600\" src=\"https:\/\/www.volkswouter.nl\/web\/wp-content\/uploads\/2013\/05\/2012_Volkscrow_Volkswagen_Transporter_Microbus_1957_0-1024x683.jpg\" class=\"attachment-large size-large\" alt=\"\" srcset=\"https:\/\/www.volkswouter.nl\/web\/wp-content\/uploads\/2013\/05\/2012_Volkscrow_Volkswagen_Transporter_Microbus_1957_0-1024x683.jpg 1024w, https:\/\/www.volkswouter.nl\/web\/wp-content\/uploads\/2013\/05\/2012_Volkscrow_Volkswagen_Transporter_Microbus_1957_0-300x200.jpg 300w, https:\/\/www.volkswouter.nl\/web\/wp-content\/uploads\/2013\/05\/2012_Volkscrow_Volkswagen_Transporter_Microbus_1957_0-768x512.jpg 768w, https:\/\/www.volkswouter.nl\/web\/wp-content\/uploads\/2013\/05\/2012_Volkscrow_Volkswagen_Transporter_Microbus_1957_0-1000x667.jpg 1000w, https:\/\/www.volkswouter.nl\/web\/wp-content\/uploads\/2013\/05\/2012_Volkscrow_Volkswagen_Transporter_Microbus_1957_0-400x267.jpg 400w, https:\/\/www.volkswouter.nl\/web\/wp-content\/uploads\/2013\/05\/2012_Volkscrow_Volkswagen_Transporter_Microbus_1957_0-272x182.jpg 272w, https:\/\/www.volkswouter.nl\/web\/wp-content\/uploads\/2013\/05\/2012_Volkscrow_Volkswagen_Transporter_Microbus_1957_0.jpg 1200w\" sizes=\"auto, (max-width: 900px) 100vw, 900px\" \/><\/a>\n\t\t\t<\/dt><\/dl><dl class='gallery-item'>\n\t\t\t<dt class='gallery-icon landscape'>\n\t\t\t\t<a href='https:\/\/www.volkswouter.nl\/web\/wp-content\/uploads\/2013\/05\/2012_Volkscrow_Volkswagen_Transporter_Microbus_1957_2.jpg'><img loading=\"lazy\" decoding=\"async\" width=\"900\" height=\"577\" src=\"https:\/\/www.volkswouter.nl\/web\/wp-content\/uploads\/2013\/05\/2012_Volkscrow_Volkswagen_Transporter_Microbus_1957_2-1024x656.jpg\" class=\"attachment-large size-large\" alt=\"\" srcset=\"https:\/\/www.volkswouter.nl\/web\/wp-content\/uploads\/2013\/05\/2012_Volkscrow_Volkswagen_Transporter_Microbus_1957_2-1024x656.jpg 1024w, https:\/\/www.volkswouter.nl\/web\/wp-content\/uploads\/2013\/05\/2012_Volkscrow_Volkswagen_Transporter_Microbus_1957_2-300x192.jpg 300w, https:\/\/www.volkswouter.nl\/web\/wp-content\/uploads\/2013\/05\/2012_Volkscrow_Volkswagen_Transporter_Microbus_1957_2-768x492.jpg 768w, https:\/\/www.volkswouter.nl\/web\/wp-content\/uploads\/2013\/05\/2012_Volkscrow_Volkswagen_Transporter_Microbus_1957_2-1000x641.jpg 1000w, https:\/\/www.volkswouter.nl\/web\/wp-content\/uploads\/2013\/05\/2012_Volkscrow_Volkswagen_Transporter_Microbus_1957_2-400x256.jpg 400w, https:\/\/www.volkswouter.nl\/web\/wp-content\/uploads\/2013\/05\/2012_Volkscrow_Volkswagen_Transporter_Microbus_1957_2.jpg 1200w\" sizes=\"auto, (max-width: 900px) 100vw, 900px\" \/><\/a>\n\t\t\t<\/dt><\/dl><dl class='gallery-item'>\n\t\t\t<dt class='gallery-icon landscape'>\n\t\t\t\t<a href='https:\/\/www.volkswouter.nl\/web\/wp-content\/uploads\/2013\/05\/2012_Volkscrow_Volkswagen_Transporter_Microbus_1957_1.jpg'><img loading=\"lazy\" decoding=\"async\" width=\"900\" height=\"600\" src=\"https:\/\/www.volkswouter.nl\/web\/wp-content\/uploads\/2013\/05\/2012_Volkscrow_Volkswagen_Transporter_Microbus_1957_1-1024x683.jpg\" class=\"attachment-large size-large\" alt=\"\" srcset=\"https:\/\/www.volkswouter.nl\/web\/wp-content\/uploads\/2013\/05\/2012_Volkscrow_Volkswagen_Transporter_Microbus_1957_1-1024x683.jpg 1024w, https:\/\/www.volkswouter.nl\/web\/wp-content\/uploads\/2013\/05\/2012_Volkscrow_Volkswagen_Transporter_Microbus_1957_1-300x200.jpg 300w, https:\/\/www.volkswouter.nl\/web\/wp-content\/uploads\/2013\/05\/2012_Volkscrow_Volkswagen_Transporter_Microbus_1957_1-768x512.jpg 768w, https:\/\/www.volkswouter.nl\/web\/wp-content\/uploads\/2013\/05\/2012_Volkscrow_Volkswagen_Transporter_Microbus_1957_1-1000x667.jpg 1000w, https:\/\/www.volkswouter.nl\/web\/wp-content\/uploads\/2013\/05\/2012_Volkscrow_Volkswagen_Transporter_Microbus_1957_1-400x267.jpg 400w, https:\/\/www.volkswouter.nl\/web\/wp-content\/uploads\/2013\/05\/2012_Volkscrow_Volkswagen_Transporter_Microbus_1957_1-272x182.jpg 272w, https:\/\/www.volkswouter.nl\/web\/wp-content\/uploads\/2013\/05\/2012_Volkscrow_Volkswagen_Transporter_Microbus_1957_1.jpg 1200w\" sizes=\"auto, (max-width: 900px) 100vw, 900px\" \/><\/a>\n\t\t\t<\/dt><\/dl><br style=\"clear: both\" \/>\n\t\t<\/div>\n<br \/>\n[FEITJE] <em>In 1957 heeft Volkswagen 17197 Microbussen geproduceerd.<\/em><br \/>\n\n\t\t<style type=\"text\/css\">\n\t\t\t#gallery-2 {\n\t\t\t\tmargin: auto;\n\t\t\t}\n\t\t\t#gallery-2 .gallery-item {\n\t\t\t\tfloat: left;\n\t\t\t\tmargin-top: 10px;\n\t\t\t\ttext-align: center;\n\t\t\t\twidth: 100%;\n\t\t\t}\n\t\t\t#gallery-2 img {\n\t\t\t\tborder: 2px solid #cfcfcf;\n\t\t\t}\n\t\t\t#gallery-2 .gallery-caption {\n\t\t\t\tmargin-left: 0;\n\t\t\t}\n\t\t\t\/* see gallery_shortcode() in wp-includes\/media.php *\/\n\t\t<\/style>\n\t\t<div id='gallery-2' class='gallery galleryid-149 gallery-columns-1 gallery-size-medium'><dl class='gallery-item'>\n\t\t\t<dt class='gallery-icon portrait'>\n\t\t\t\t<a href='https:\/\/www.volkswouter.nl\/web\/wp-content\/uploads\/2013\/05\/Geboorte_certificaat_AR-73-49_bewerkt.jpg'><img loading=\"lazy\" decoding=\"async\" width=\"215\" height=\"300\" src=\"https:\/\/www.volkswouter.nl\/web\/wp-content\/uploads\/2013\/05\/Geboorte_certificaat_AR-73-49_bewerkt-215x300.jpg\" class=\"attachment-medium size-medium\" alt=\"\" srcset=\"https:\/\/www.volkswouter.nl\/web\/wp-content\/uploads\/2013\/05\/Geboorte_certificaat_AR-73-49_bewerkt-215x300.jpg 215w, https:\/\/www.volkswouter.nl\/web\/wp-content\/uploads\/2013\/05\/Geboorte_certificaat_AR-73-49_bewerkt-733x1024.jpg 733w, https:\/\/www.volkswouter.nl\/web\/wp-content\/uploads\/2013\/05\/Geboorte_certificaat_AR-73-49_bewerkt-768x1072.jpg 768w, https:\/\/www.volkswouter.nl\/web\/wp-content\/uploads\/2013\/05\/Geboorte_certificaat_AR-73-49_bewerkt-1100x1536.jpg 1100w, https:\/\/www.volkswouter.nl\/web\/wp-content\/uploads\/2013\/05\/Geboorte_certificaat_AR-73-49_bewerkt-716x1000.jpg 716w, https:\/\/www.volkswouter.nl\/web\/wp-content\/uploads\/2013\/05\/Geboorte_certificaat_AR-73-49_bewerkt-400x559.jpg 400w, https:\/\/www.volkswouter.nl\/web\/wp-content\/uploads\/2013\/05\/Geboorte_certificaat_AR-73-49_bewerkt.jpg 1466w\" sizes=\"auto, (max-width: 215px) 100vw, 215px\" \/><\/a>\n\t\t\t<\/dt><\/dl><br style=\"clear: both\" \/>\n\t\t<\/div>\n<\/p>\n<p>Mijn streven is om september 2013 het Spijlbustreffen te bezoeken, maar dat was geen haalbare kaart.<br \/>\nUiteindelijk heb ik in maart 2014 twee weken alles op alles gezet om de RDW te kunnen bezoeken en gelukkig werd de bus goed gekeurd.<br \/>\nHet eerste treffen waar ik aan deelnam was de <a href=\"https:\/\/www.volkswouter.nl\/web\/first-european-barndoor-gathering\/\" rel=\"noopener noreferrer\" target=\"_blank\">Barndoor Gathering<\/a> in Amersfoort.<br \/>\nDe bus stond toen wel geteld 1 dag op kenteken.<br \/>\nFoto galerij van de Transporter met zijn kenteken AR-73-49<br \/>\n\n\t\t<style type=\"text\/css\">\n\t\t\t#gallery-3 {\n\t\t\t\tmargin: auto;\n\t\t\t}\n\t\t\t#gallery-3 .gallery-item {\n\t\t\t\tfloat: left;\n\t\t\t\tmargin-top: 10px;\n\t\t\t\ttext-align: center;\n\t\t\t\twidth: 20%;\n\t\t\t}\n\t\t\t#gallery-3 img {\n\t\t\t\tborder: 2px solid #cfcfcf;\n\t\t\t}\n\t\t\t#gallery-3 .gallery-caption {\n\t\t\t\tmargin-left: 0;\n\t\t\t}\n\t\t\t\/* see gallery_shortcode() in wp-includes\/media.php *\/\n\t\t<\/style>\n\t\t<div id='gallery-3' class='gallery galleryid-149 gallery-columns-5 gallery-size-large'><dl class='gallery-item'>\n\t\t\t<dt class='gallery-icon landscape'>\n\t\t\t\t<a href='https:\/\/www.volkswouter.nl\/web\/wp-content\/uploads\/2013\/05\/2014_AR-73-49_Volkswagen_Transporter_Microbus_1957_3.jpg'><img loading=\"lazy\" decoding=\"async\" width=\"900\" height=\"603\" src=\"https:\/\/www.volkswouter.nl\/web\/wp-content\/uploads\/2013\/05\/2014_AR-73-49_Volkswagen_Transporter_Microbus_1957_3-1024x686.jpg\" class=\"attachment-large size-large\" alt=\"\" aria-describedby=\"gallery-3-10997\" srcset=\"https:\/\/www.volkswouter.nl\/web\/wp-content\/uploads\/2013\/05\/2014_AR-73-49_Volkswagen_Transporter_Microbus_1957_3-1024x686.jpg 1024w, https:\/\/www.volkswouter.nl\/web\/wp-content\/uploads\/2013\/05\/2014_AR-73-49_Volkswagen_Transporter_Microbus_1957_3-300x201.jpg 300w, https:\/\/www.volkswouter.nl\/web\/wp-content\/uploads\/2013\/05\/2014_AR-73-49_Volkswagen_Transporter_Microbus_1957_3-768x514.jpg 768w, https:\/\/www.volkswouter.nl\/web\/wp-content\/uploads\/2013\/05\/2014_AR-73-49_Volkswagen_Transporter_Microbus_1957_3-1536x1028.jpg 1536w, https:\/\/www.volkswouter.nl\/web\/wp-content\/uploads\/2013\/05\/2014_AR-73-49_Volkswagen_Transporter_Microbus_1957_3-1000x669.jpg 1000w, https:\/\/www.volkswouter.nl\/web\/wp-content\/uploads\/2013\/05\/2014_AR-73-49_Volkswagen_Transporter_Microbus_1957_3-400x268.jpg 400w, https:\/\/www.volkswouter.nl\/web\/wp-content\/uploads\/2013\/05\/2014_AR-73-49_Volkswagen_Transporter_Microbus_1957_3-272x182.jpg 272w, https:\/\/www.volkswouter.nl\/web\/wp-content\/uploads\/2013\/05\/2014_AR-73-49_Volkswagen_Transporter_Microbus_1957_3.jpg 2048w\" sizes=\"auto, (max-width: 900px) 100vw, 900px\" \/><\/a>\n\t\t\t<\/dt>\n\t\t\t\t<dd class='wp-caption-text gallery-caption' id='gallery-3-10997'>\n\t\t\t\t\u00a9Arthur Staal\n\t\t\t\t<\/dd><\/dl><dl class='gallery-item'>\n\t\t\t<dt class='gallery-icon landscape'>\n\t\t\t\t<a href='https:\/\/www.volkswouter.nl\/web\/wp-content\/uploads\/2013\/05\/2014_AR-73-49_Volkswagen_Transporter_Microbus_1957_2.jpg'><img loading=\"lazy\" decoding=\"async\" width=\"900\" height=\"675\" src=\"https:\/\/www.volkswouter.nl\/web\/wp-content\/uploads\/2013\/05\/2014_AR-73-49_Volkswagen_Transporter_Microbus_1957_2-1024x768.jpg\" class=\"attachment-large size-large\" alt=\"\" srcset=\"https:\/\/www.volkswouter.nl\/web\/wp-content\/uploads\/2013\/05\/2014_AR-73-49_Volkswagen_Transporter_Microbus_1957_2-1024x768.jpg 1024w, https:\/\/www.volkswouter.nl\/web\/wp-content\/uploads\/2013\/05\/2014_AR-73-49_Volkswagen_Transporter_Microbus_1957_2-300x225.jpg 300w, https:\/\/www.volkswouter.nl\/web\/wp-content\/uploads\/2013\/05\/2014_AR-73-49_Volkswagen_Transporter_Microbus_1957_2-768x576.jpg 768w, https:\/\/www.volkswouter.nl\/web\/wp-content\/uploads\/2013\/05\/2014_AR-73-49_Volkswagen_Transporter_Microbus_1957_2-1536x1152.jpg 1536w, https:\/\/www.volkswouter.nl\/web\/wp-content\/uploads\/2013\/05\/2014_AR-73-49_Volkswagen_Transporter_Microbus_1957_2-1000x750.jpg 1000w, https:\/\/www.volkswouter.nl\/web\/wp-content\/uploads\/2013\/05\/2014_AR-73-49_Volkswagen_Transporter_Microbus_1957_2-400x300.jpg 400w, https:\/\/www.volkswouter.nl\/web\/wp-content\/uploads\/2013\/05\/2014_AR-73-49_Volkswagen_Transporter_Microbus_1957_2.jpg 2048w\" sizes=\"auto, (max-width: 900px) 100vw, 900px\" \/><\/a>\n\t\t\t<\/dt><\/dl><dl class='gallery-item'>\n\t\t\t<dt class='gallery-icon landscape'>\n\t\t\t\t<a href='https:\/\/www.volkswouter.nl\/web\/wp-content\/uploads\/2013\/05\/Snelweg_A12_AR-73-49_Volkswagen_Transporter_Microbus_1957_0.jpg'><img loading=\"lazy\" decoding=\"async\" width=\"800\" height=\"600\" src=\"https:\/\/www.volkswouter.nl\/web\/wp-content\/uploads\/2013\/05\/Snelweg_A12_AR-73-49_Volkswagen_Transporter_Microbus_1957_0.jpg\" class=\"attachment-large size-large\" alt=\"\" aria-describedby=\"gallery-3-10995\" srcset=\"https:\/\/www.volkswouter.nl\/web\/wp-content\/uploads\/2013\/05\/Snelweg_A12_AR-73-49_Volkswagen_Transporter_Microbus_1957_0.jpg 800w, https:\/\/www.volkswouter.nl\/web\/wp-content\/uploads\/2013\/05\/Snelweg_A12_AR-73-49_Volkswagen_Transporter_Microbus_1957_0-300x225.jpg 300w, https:\/\/www.volkswouter.nl\/web\/wp-content\/uploads\/2013\/05\/Snelweg_A12_AR-73-49_Volkswagen_Transporter_Microbus_1957_0-768x576.jpg 768w, https:\/\/www.volkswouter.nl\/web\/wp-content\/uploads\/2013\/05\/Snelweg_A12_AR-73-49_Volkswagen_Transporter_Microbus_1957_0-400x300.jpg 400w\" sizes=\"auto, (max-width: 800px) 100vw, 800px\" \/><\/a>\n\t\t\t<\/dt>\n\t\t\t\t<dd class='wp-caption-text gallery-caption' id='gallery-3-10995'>\n\t\t\t\tBron Pieter de Porto\n\t\t\t\t<\/dd><\/dl><dl class='gallery-item'>\n\t\t\t<dt class='gallery-icon landscape'>\n\t\t\t\t<a href='https:\/\/www.volkswouter.nl\/web\/wp-content\/uploads\/2013\/05\/2014_AR-73-49_Volkswagen_Transporter_Microbus_1957_1.jpg'><img loading=\"lazy\" decoding=\"async\" width=\"900\" height=\"596\" src=\"https:\/\/www.volkswouter.nl\/web\/wp-content\/uploads\/2013\/05\/2014_AR-73-49_Volkswagen_Transporter_Microbus_1957_1-1024x678.jpg\" class=\"attachment-large size-large\" alt=\"\" srcset=\"https:\/\/www.volkswouter.nl\/web\/wp-content\/uploads\/2013\/05\/2014_AR-73-49_Volkswagen_Transporter_Microbus_1957_1-1024x678.jpg 1024w, https:\/\/www.volkswouter.nl\/web\/wp-content\/uploads\/2013\/05\/2014_AR-73-49_Volkswagen_Transporter_Microbus_1957_1-300x199.jpg 300w, https:\/\/www.volkswouter.nl\/web\/wp-content\/uploads\/2013\/05\/2014_AR-73-49_Volkswagen_Transporter_Microbus_1957_1-768x509.jpg 768w, https:\/\/www.volkswouter.nl\/web\/wp-content\/uploads\/2013\/05\/2014_AR-73-49_Volkswagen_Transporter_Microbus_1957_1-1536x1017.jpg 1536w, https:\/\/www.volkswouter.nl\/web\/wp-content\/uploads\/2013\/05\/2014_AR-73-49_Volkswagen_Transporter_Microbus_1957_1-1000x662.jpg 1000w, https:\/\/www.volkswouter.nl\/web\/wp-content\/uploads\/2013\/05\/2014_AR-73-49_Volkswagen_Transporter_Microbus_1957_1-400x265.jpg 400w, https:\/\/www.volkswouter.nl\/web\/wp-content\/uploads\/2013\/05\/2014_AR-73-49_Volkswagen_Transporter_Microbus_1957_1.jpg 2047w\" sizes=\"auto, (max-width: 900px) 100vw, 900px\" \/><\/a>\n\t\t\t<\/dt><\/dl><dl class='gallery-item'>\n\t\t\t<dt class='gallery-icon landscape'>\n\t\t\t\t<a href='https:\/\/www.volkswouter.nl\/web\/wp-content\/uploads\/2013\/05\/2014_AR-73-49_Volkswagen_Transporter_Microbus_1957_0.jpg'><img loading=\"lazy\" decoding=\"async\" width=\"900\" height=\"596\" src=\"https:\/\/www.volkswouter.nl\/web\/wp-content\/uploads\/2013\/05\/2014_AR-73-49_Volkswagen_Transporter_Microbus_1957_0-1024x678.jpg\" class=\"attachment-large size-large\" alt=\"\" srcset=\"https:\/\/www.volkswouter.nl\/web\/wp-content\/uploads\/2013\/05\/2014_AR-73-49_Volkswagen_Transporter_Microbus_1957_0-1024x678.jpg 1024w, https:\/\/www.volkswouter.nl\/web\/wp-content\/uploads\/2013\/05\/2014_AR-73-49_Volkswagen_Transporter_Microbus_1957_0-300x199.jpg 300w, https:\/\/www.volkswouter.nl\/web\/wp-content\/uploads\/2013\/05\/2014_AR-73-49_Volkswagen_Transporter_Microbus_1957_0-768x509.jpg 768w, https:\/\/www.volkswouter.nl\/web\/wp-content\/uploads\/2013\/05\/2014_AR-73-49_Volkswagen_Transporter_Microbus_1957_0-1536x1017.jpg 1536w, https:\/\/www.volkswouter.nl\/web\/wp-content\/uploads\/2013\/05\/2014_AR-73-49_Volkswagen_Transporter_Microbus_1957_0-1000x662.jpg 1000w, https:\/\/www.volkswouter.nl\/web\/wp-content\/uploads\/2013\/05\/2014_AR-73-49_Volkswagen_Transporter_Microbus_1957_0-400x265.jpg 400w, https:\/\/www.volkswouter.nl\/web\/wp-content\/uploads\/2013\/05\/2014_AR-73-49_Volkswagen_Transporter_Microbus_1957_0.jpg 2047w\" sizes=\"auto, (max-width: 900px) 100vw, 900px\" \/><\/a>\n\t\t\t<\/dt><\/dl><br style=\"clear: both\" \/>\n\t\t<\/div>\n<\/p>\n<p>Datum eerste toelating 28-02-1958<br \/>\nDatum aanvang laatste tenaamstelling 14-04-2014<br \/>\nDatum eerste afgifte Nederland 14-04-2014<br \/>\nStatus kenteken\tGeldig<br \/>\n\n\t\t<style type=\"text\/css\">\n\t\t\t#gallery-4 {\n\t\t\t\tmargin: auto;\n\t\t\t}\n\t\t\t#gallery-4 .gallery-item {\n\t\t\t\tfloat: left;\n\t\t\t\tmargin-top: 10px;\n\t\t\t\ttext-align: center;\n\t\t\t\twidth: 16%;\n\t\t\t}\n\t\t\t#gallery-4 img {\n\t\t\t\tborder: 2px solid #cfcfcf;\n\t\t\t}\n\t\t\t#gallery-4 .gallery-caption {\n\t\t\t\tmargin-left: 0;\n\t\t\t}\n\t\t\t\/* see gallery_shortcode() in wp-includes\/media.php *\/\n\t\t<\/style>\n\t\t<div id='gallery-4' class='gallery galleryid-149 gallery-columns-6 gallery-size-large'><dl class='gallery-item'>\n\t\t\t<dt class='gallery-icon portrait'>\n\t\t\t\t<a href='https:\/\/www.volkswouter.nl\/web\/wp-content\/uploads\/2013\/05\/W-31-24_RDW-keuring_Schiedam_Volkswagen_Transporter_Microbus_1957.jpg'><img loading=\"lazy\" decoding=\"async\" width=\"768\" height=\"1024\" src=\"https:\/\/www.volkswouter.nl\/web\/wp-content\/uploads\/2013\/05\/W-31-24_RDW-keuring_Schiedam_Volkswagen_Transporter_Microbus_1957-768x1024.jpg\" class=\"attachment-large size-large\" alt=\"\" srcset=\"https:\/\/www.volkswouter.nl\/web\/wp-content\/uploads\/2013\/05\/W-31-24_RDW-keuring_Schiedam_Volkswagen_Transporter_Microbus_1957-768x1024.jpg 768w, https:\/\/www.volkswouter.nl\/web\/wp-content\/uploads\/2013\/05\/W-31-24_RDW-keuring_Schiedam_Volkswagen_Transporter_Microbus_1957-225x300.jpg 225w, https:\/\/www.volkswouter.nl\/web\/wp-content\/uploads\/2013\/05\/W-31-24_RDW-keuring_Schiedam_Volkswagen_Transporter_Microbus_1957-1152x1536.jpg 1152w, https:\/\/www.volkswouter.nl\/web\/wp-content\/uploads\/2013\/05\/W-31-24_RDW-keuring_Schiedam_Volkswagen_Transporter_Microbus_1957-750x1000.jpg 750w, https:\/\/www.volkswouter.nl\/web\/wp-content\/uploads\/2013\/05\/W-31-24_RDW-keuring_Schiedam_Volkswagen_Transporter_Microbus_1957-400x533.jpg 400w, https:\/\/www.volkswouter.nl\/web\/wp-content\/uploads\/2013\/05\/W-31-24_RDW-keuring_Schiedam_Volkswagen_Transporter_Microbus_1957.jpg 1536w\" sizes=\"auto, (max-width: 768px) 100vw, 768px\" \/><\/a>\n\t\t\t<\/dt><\/dl><dl class='gallery-item'>\n\t\t\t<dt class='gallery-icon landscape'>\n\t\t\t\t<a href='https:\/\/www.volkswouter.nl\/web\/wp-content\/uploads\/2013\/05\/Voor_RDW-keuring_Volkswagen_Transporter_Microbus_1957_2.jpg'><img loading=\"lazy\" decoding=\"async\" width=\"900\" height=\"600\" src=\"https:\/\/www.volkswouter.nl\/web\/wp-content\/uploads\/2013\/05\/Voor_RDW-keuring_Volkswagen_Transporter_Microbus_1957_2-1024x683.jpg\" class=\"attachment-large size-large\" alt=\"\" srcset=\"https:\/\/www.volkswouter.nl\/web\/wp-content\/uploads\/2013\/05\/Voor_RDW-keuring_Volkswagen_Transporter_Microbus_1957_2-1024x683.jpg 1024w, https:\/\/www.volkswouter.nl\/web\/wp-content\/uploads\/2013\/05\/Voor_RDW-keuring_Volkswagen_Transporter_Microbus_1957_2-300x200.jpg 300w, https:\/\/www.volkswouter.nl\/web\/wp-content\/uploads\/2013\/05\/Voor_RDW-keuring_Volkswagen_Transporter_Microbus_1957_2-768x512.jpg 768w, https:\/\/www.volkswouter.nl\/web\/wp-content\/uploads\/2013\/05\/Voor_RDW-keuring_Volkswagen_Transporter_Microbus_1957_2-1536x1024.jpg 1536w, https:\/\/www.volkswouter.nl\/web\/wp-content\/uploads\/2013\/05\/Voor_RDW-keuring_Volkswagen_Transporter_Microbus_1957_2-1000x667.jpg 1000w, https:\/\/www.volkswouter.nl\/web\/wp-content\/uploads\/2013\/05\/Voor_RDW-keuring_Volkswagen_Transporter_Microbus_1957_2-400x267.jpg 400w, https:\/\/www.volkswouter.nl\/web\/wp-content\/uploads\/2013\/05\/Voor_RDW-keuring_Volkswagen_Transporter_Microbus_1957_2-272x182.jpg 272w, https:\/\/www.volkswouter.nl\/web\/wp-content\/uploads\/2013\/05\/Voor_RDW-keuring_Volkswagen_Transporter_Microbus_1957_2.jpg 2048w\" sizes=\"auto, (max-width: 900px) 100vw, 900px\" \/><\/a>\n\t\t\t<\/dt><\/dl><dl class='gallery-item'>\n\t\t\t<dt class='gallery-icon landscape'>\n\t\t\t\t<a href='https:\/\/www.volkswouter.nl\/web\/wp-content\/uploads\/2013\/05\/Voor_RDW-keuring_Volkswagen_Transporter_Microbus_1957_1.jpg'><img loading=\"lazy\" decoding=\"async\" width=\"900\" height=\"600\" src=\"https:\/\/www.volkswouter.nl\/web\/wp-content\/uploads\/2013\/05\/Voor_RDW-keuring_Volkswagen_Transporter_Microbus_1957_1-1024x683.jpg\" class=\"attachment-large size-large\" alt=\"\" srcset=\"https:\/\/www.volkswouter.nl\/web\/wp-content\/uploads\/2013\/05\/Voor_RDW-keuring_Volkswagen_Transporter_Microbus_1957_1-1024x683.jpg 1024w, https:\/\/www.volkswouter.nl\/web\/wp-content\/uploads\/2013\/05\/Voor_RDW-keuring_Volkswagen_Transporter_Microbus_1957_1-300x200.jpg 300w, https:\/\/www.volkswouter.nl\/web\/wp-content\/uploads\/2013\/05\/Voor_RDW-keuring_Volkswagen_Transporter_Microbus_1957_1-768x512.jpg 768w, https:\/\/www.volkswouter.nl\/web\/wp-content\/uploads\/2013\/05\/Voor_RDW-keuring_Volkswagen_Transporter_Microbus_1957_1-1536x1024.jpg 1536w, https:\/\/www.volkswouter.nl\/web\/wp-content\/uploads\/2013\/05\/Voor_RDW-keuring_Volkswagen_Transporter_Microbus_1957_1-1000x667.jpg 1000w, https:\/\/www.volkswouter.nl\/web\/wp-content\/uploads\/2013\/05\/Voor_RDW-keuring_Volkswagen_Transporter_Microbus_1957_1-400x267.jpg 400w, https:\/\/www.volkswouter.nl\/web\/wp-content\/uploads\/2013\/05\/Voor_RDW-keuring_Volkswagen_Transporter_Microbus_1957_1-272x182.jpg 272w, https:\/\/www.volkswouter.nl\/web\/wp-content\/uploads\/2013\/05\/Voor_RDW-keuring_Volkswagen_Transporter_Microbus_1957_1.jpg 2048w\" sizes=\"auto, (max-width: 900px) 100vw, 900px\" \/><\/a>\n\t\t\t<\/dt><\/dl><dl class='gallery-item'>\n\t\t\t<dt class='gallery-icon portrait'>\n\t\t\t\t<a href='https:\/\/www.volkswouter.nl\/web\/wp-content\/uploads\/2013\/05\/Voor_RDW-keuring_Volkswagen_Transporter_Microbus_1957_3.jpg'><img loading=\"lazy\" decoding=\"async\" width=\"683\" height=\"1024\" src=\"https:\/\/www.volkswouter.nl\/web\/wp-content\/uploads\/2013\/05\/Voor_RDW-keuring_Volkswagen_Transporter_Microbus_1957_3-683x1024.jpg\" class=\"attachment-large size-large\" alt=\"\" srcset=\"https:\/\/www.volkswouter.nl\/web\/wp-content\/uploads\/2013\/05\/Voor_RDW-keuring_Volkswagen_Transporter_Microbus_1957_3-683x1024.jpg 683w, https:\/\/www.volkswouter.nl\/web\/wp-content\/uploads\/2013\/05\/Voor_RDW-keuring_Volkswagen_Transporter_Microbus_1957_3-200x300.jpg 200w, https:\/\/www.volkswouter.nl\/web\/wp-content\/uploads\/2013\/05\/Voor_RDW-keuring_Volkswagen_Transporter_Microbus_1957_3-768x1152.jpg 768w, https:\/\/www.volkswouter.nl\/web\/wp-content\/uploads\/2013\/05\/Voor_RDW-keuring_Volkswagen_Transporter_Microbus_1957_3-1024x1536.jpg 1024w, https:\/\/www.volkswouter.nl\/web\/wp-content\/uploads\/2013\/05\/Voor_RDW-keuring_Volkswagen_Transporter_Microbus_1957_3-667x1000.jpg 667w, https:\/\/www.volkswouter.nl\/web\/wp-content\/uploads\/2013\/05\/Voor_RDW-keuring_Volkswagen_Transporter_Microbus_1957_3-400x600.jpg 400w, https:\/\/www.volkswouter.nl\/web\/wp-content\/uploads\/2013\/05\/Voor_RDW-keuring_Volkswagen_Transporter_Microbus_1957_3.jpg 1280w\" sizes=\"auto, (max-width: 683px) 100vw, 683px\" \/><\/a>\n\t\t\t<\/dt><\/dl><dl class='gallery-item'>\n\t\t\t<dt class='gallery-icon landscape'>\n\t\t\t\t<a href='https:\/\/www.volkswouter.nl\/web\/wp-content\/uploads\/2013\/05\/Voor_RDW-keuring_Volkswagen_Transporter_Microbus_1957_4.jpg'><img loading=\"lazy\" decoding=\"async\" width=\"900\" height=\"600\" src=\"https:\/\/www.volkswouter.nl\/web\/wp-content\/uploads\/2013\/05\/Voor_RDW-keuring_Volkswagen_Transporter_Microbus_1957_4-1024x683.jpg\" class=\"attachment-large size-large\" alt=\"\" srcset=\"https:\/\/www.volkswouter.nl\/web\/wp-content\/uploads\/2013\/05\/Voor_RDW-keuring_Volkswagen_Transporter_Microbus_1957_4-1024x683.jpg 1024w, https:\/\/www.volkswouter.nl\/web\/wp-content\/uploads\/2013\/05\/Voor_RDW-keuring_Volkswagen_Transporter_Microbus_1957_4-300x200.jpg 300w, https:\/\/www.volkswouter.nl\/web\/wp-content\/uploads\/2013\/05\/Voor_RDW-keuring_Volkswagen_Transporter_Microbus_1957_4-768x512.jpg 768w, https:\/\/www.volkswouter.nl\/web\/wp-content\/uploads\/2013\/05\/Voor_RDW-keuring_Volkswagen_Transporter_Microbus_1957_4-1536x1024.jpg 1536w, https:\/\/www.volkswouter.nl\/web\/wp-content\/uploads\/2013\/05\/Voor_RDW-keuring_Volkswagen_Transporter_Microbus_1957_4-1000x667.jpg 1000w, https:\/\/www.volkswouter.nl\/web\/wp-content\/uploads\/2013\/05\/Voor_RDW-keuring_Volkswagen_Transporter_Microbus_1957_4-400x267.jpg 400w, https:\/\/www.volkswouter.nl\/web\/wp-content\/uploads\/2013\/05\/Voor_RDW-keuring_Volkswagen_Transporter_Microbus_1957_4-272x182.jpg 272w, https:\/\/www.volkswouter.nl\/web\/wp-content\/uploads\/2013\/05\/Voor_RDW-keuring_Volkswagen_Transporter_Microbus_1957_4.jpg 2048w\" sizes=\"auto, (max-width: 900px) 100vw, 900px\" \/><\/a>\n\t\t\t<\/dt><\/dl><dl class='gallery-item'>\n\t\t\t<dt class='gallery-icon landscape'>\n\t\t\t\t<a href='https:\/\/www.volkswouter.nl\/web\/wp-content\/uploads\/2013\/05\/Voor_RDW-keuring_Volkswagen_Transporter_Microbus_1957_0.jpg'><img loading=\"lazy\" decoding=\"async\" width=\"900\" height=\"600\" src=\"https:\/\/www.volkswouter.nl\/web\/wp-content\/uploads\/2013\/05\/Voor_RDW-keuring_Volkswagen_Transporter_Microbus_1957_0-1024x683.jpg\" class=\"attachment-large size-large\" alt=\"\" srcset=\"https:\/\/www.volkswouter.nl\/web\/wp-content\/uploads\/2013\/05\/Voor_RDW-keuring_Volkswagen_Transporter_Microbus_1957_0-1024x683.jpg 1024w, https:\/\/www.volkswouter.nl\/web\/wp-content\/uploads\/2013\/05\/Voor_RDW-keuring_Volkswagen_Transporter_Microbus_1957_0-300x200.jpg 300w, https:\/\/www.volkswouter.nl\/web\/wp-content\/uploads\/2013\/05\/Voor_RDW-keuring_Volkswagen_Transporter_Microbus_1957_0-768x512.jpg 768w, https:\/\/www.volkswouter.nl\/web\/wp-content\/uploads\/2013\/05\/Voor_RDW-keuring_Volkswagen_Transporter_Microbus_1957_0-1536x1024.jpg 1536w, https:\/\/www.volkswouter.nl\/web\/wp-content\/uploads\/2013\/05\/Voor_RDW-keuring_Volkswagen_Transporter_Microbus_1957_0-1000x667.jpg 1000w, https:\/\/www.volkswouter.nl\/web\/wp-content\/uploads\/2013\/05\/Voor_RDW-keuring_Volkswagen_Transporter_Microbus_1957_0-400x267.jpg 400w, https:\/\/www.volkswouter.nl\/web\/wp-content\/uploads\/2013\/05\/Voor_RDW-keuring_Volkswagen_Transporter_Microbus_1957_0-272x182.jpg 272w, https:\/\/www.volkswouter.nl\/web\/wp-content\/uploads\/2013\/05\/Voor_RDW-keuring_Volkswagen_Transporter_Microbus_1957_0.jpg 2048w\" sizes=\"auto, (max-width: 900px) 100vw, 900px\" \/><\/a>\n\t\t\t<\/dt><\/dl><br style=\"clear: both\" \/>\n\t\t<\/div>\n<br \/>\nHier foto&#8217;s van de vorige eigenaar in Amerika en hoe hij gevonden is in de bossen van California.<br \/>\nDe bus is oorspronkelijk geleverd aan een dealer in New-York.<br \/>\n\n\t\t<style type=\"text\/css\">\n\t\t\t#gallery-5 {\n\t\t\t\tmargin: auto;\n\t\t\t}\n\t\t\t#gallery-5 .gallery-item {\n\t\t\t\tfloat: left;\n\t\t\t\tmargin-top: 10px;\n\t\t\t\ttext-align: center;\n\t\t\t\twidth: 25%;\n\t\t\t}\n\t\t\t#gallery-5 img {\n\t\t\t\tborder: 2px solid #cfcfcf;\n\t\t\t}\n\t\t\t#gallery-5 .gallery-caption {\n\t\t\t\tmargin-left: 0;\n\t\t\t}\n\t\t\t\/* see gallery_shortcode() in wp-includes\/media.php *\/\n\t\t<\/style>\n\t\t<div id='gallery-5' class='gallery galleryid-149 gallery-columns-4 gallery-size-large'><dl class='gallery-item'>\n\t\t\t<dt class='gallery-icon portrait'>\n\t\t\t\t<a href='https:\/\/www.volkswouter.nl\/web\/wp-content\/uploads\/2013\/05\/California_find_Volkswagen_Transporter_microbus_1957_0.jpg'><img loading=\"lazy\" decoding=\"async\" width=\"364\" height=\"484\" src=\"https:\/\/www.volkswouter.nl\/web\/wp-content\/uploads\/2013\/05\/California_find_Volkswagen_Transporter_microbus_1957_0.jpg\" class=\"attachment-large size-large\" alt=\"\" srcset=\"https:\/\/www.volkswouter.nl\/web\/wp-content\/uploads\/2013\/05\/California_find_Volkswagen_Transporter_microbus_1957_0.jpg 364w, https:\/\/www.volkswouter.nl\/web\/wp-content\/uploads\/2013\/05\/California_find_Volkswagen_Transporter_microbus_1957_0-226x300.jpg 226w\" sizes=\"auto, (max-width: 364px) 100vw, 364px\" \/><\/a>\n\t\t\t<\/dt><\/dl><dl class='gallery-item'>\n\t\t\t<dt class='gallery-icon landscape'>\n\t\t\t\t<a href='https:\/\/www.volkswouter.nl\/web\/wp-content\/uploads\/2013\/05\/California_find_Volkswagen_Transporter_microbus_1957_2.jpg'><img loading=\"lazy\" decoding=\"async\" width=\"640\" height=\"480\" src=\"https:\/\/www.volkswouter.nl\/web\/wp-content\/uploads\/2013\/05\/California_find_Volkswagen_Transporter_microbus_1957_2.jpg\" class=\"attachment-large size-large\" alt=\"\" srcset=\"https:\/\/www.volkswouter.nl\/web\/wp-content\/uploads\/2013\/05\/California_find_Volkswagen_Transporter_microbus_1957_2.jpg 640w, https:\/\/www.volkswouter.nl\/web\/wp-content\/uploads\/2013\/05\/California_find_Volkswagen_Transporter_microbus_1957_2-300x225.jpg 300w, https:\/\/www.volkswouter.nl\/web\/wp-content\/uploads\/2013\/05\/California_find_Volkswagen_Transporter_microbus_1957_2-400x300.jpg 400w\" sizes=\"auto, (max-width: 640px) 100vw, 640px\" \/><\/a>\n\t\t\t<\/dt><\/dl><dl class='gallery-item'>\n\t\t\t<dt class='gallery-icon landscape'>\n\t\t\t\t<a href='https:\/\/www.volkswouter.nl\/web\/wp-content\/uploads\/2013\/05\/California_find_Volkswagen_Transporter_microbus_1957_1.jpg'><img loading=\"lazy\" decoding=\"async\" width=\"584\" height=\"439\" src=\"https:\/\/www.volkswouter.nl\/web\/wp-content\/uploads\/2013\/05\/California_find_Volkswagen_Transporter_microbus_1957_1.jpg\" class=\"attachment-large size-large\" alt=\"\" srcset=\"https:\/\/www.volkswouter.nl\/web\/wp-content\/uploads\/2013\/05\/California_find_Volkswagen_Transporter_microbus_1957_1.jpg 584w, https:\/\/www.volkswouter.nl\/web\/wp-content\/uploads\/2013\/05\/California_find_Volkswagen_Transporter_microbus_1957_1-300x226.jpg 300w, https:\/\/www.volkswouter.nl\/web\/wp-content\/uploads\/2013\/05\/California_find_Volkswagen_Transporter_microbus_1957_1-400x301.jpg 400w\" sizes=\"auto, (max-width: 584px) 100vw, 584px\" \/><\/a>\n\t\t\t<\/dt><\/dl><dl class='gallery-item'>\n\t\t\t<dt class='gallery-icon landscape'>\n\t\t\t\t<a href='https:\/\/www.volkswouter.nl\/web\/wp-content\/uploads\/2013\/05\/California_find_Volkswagen_Transporter_microbus_1957_3.jpg'><img loading=\"lazy\" decoding=\"async\" width=\"638\" height=\"411\" src=\"https:\/\/www.volkswouter.nl\/web\/wp-content\/uploads\/2013\/05\/California_find_Volkswagen_Transporter_microbus_1957_3.jpg\" class=\"attachment-large size-large\" alt=\"\" srcset=\"https:\/\/www.volkswouter.nl\/web\/wp-content\/uploads\/2013\/05\/California_find_Volkswagen_Transporter_microbus_1957_3.jpg 638w, https:\/\/www.volkswouter.nl\/web\/wp-content\/uploads\/2013\/05\/California_find_Volkswagen_Transporter_microbus_1957_3-300x193.jpg 300w, https:\/\/www.volkswouter.nl\/web\/wp-content\/uploads\/2013\/05\/California_find_Volkswagen_Transporter_microbus_1957_3-400x258.jpg 400w\" sizes=\"auto, (max-width: 638px) 100vw, 638px\" \/><\/a>\n\t\t\t<\/dt><\/dl><br style=\"clear: both\" \/>\n\t\t<\/div>\n<\/p>\n","protected":false},"excerpt":{"rendered":"<p>2012, mijn vrouw is zwanger en ik zie de RV-28-72 nooit meer afkomen. Op een meeting in Belgi\u00eb laat ik vallen dat ik misschien de bus wel wil verkopen. De maandag erna werd ik gebeld door een ge\u00efnteresseerde die de bus uiteindelijk ook heeft gekocht. Hierna ben ik opzoek gegaan naar een nieuw project, \u00e9\u00e9n [&hellip;]<\/p>\n","protected":false},"author":2,"featured_media":10990,"comment_status":"open","ping_status":"open","sticky":false,"template":"","format":"standard","meta":{"advanced_seo_description":"","jetpack_seo_html_title":"","jetpack_seo_noindex":false,"_jetpack_memberships_contains_paid_content":false,"footnotes":"","jetpack_publicize_message":"","jetpack_publicize_feature_enabled":true,"jetpack_social_post_already_shared":false,"jetpack_social_options":{"image_generator_settings":{"template":"highway","default_image_id":0,"font":"","enabled":false},"version":2}},"categories":[16],"tags":[50,277,20,290,31,37,49],"class_list":["post-149","post","type-post","status-publish","format-standard","has-post-thumbnail","hentry","category-import","tag-50","tag-277","tag-ar","tag-ar-73-49","tag-kombi","tag-pgsg","tag-wouterduijndam"],"jetpack_publicize_connections":[],"jetpack_featured_media_url":"https:\/\/www.volkswouter.nl\/web\/wp-content\/uploads\/2013\/05\/Header_AR-73-49_rechte_plaat_NL-bordje_kont.png","jetpack_sharing_enabled":true,"_links":{"self":[{"href":"https:\/\/www.volkswouter.nl\/web\/wp-json\/wp\/v2\/posts\/149","targetHints":{"allow":["GET"]}}],"collection":[{"href":"https:\/\/www.volkswouter.nl\/web\/wp-json\/wp\/v2\/posts"}],"about":[{"href":"https:\/\/www.volkswouter.nl\/web\/wp-json\/wp\/v2\/types\/post"}],"author":[{"embeddable":true,"href":"https:\/\/www.volkswouter.nl\/web\/wp-json\/wp\/v2\/users\/2"}],"replies":[{"embeddable":true,"href":"https:\/\/www.volkswouter.nl\/web\/wp-json\/wp\/v2\/comments?post=149"}],"version-history":[{"count":33,"href":"https:\/\/www.volkswouter.nl\/web\/wp-json\/wp\/v2\/posts\/149\/revisions"}],"predecessor-version":[{"id":11019,"href":"https:\/\/www.volkswouter.nl\/web\/wp-json\/wp\/v2\/posts\/149\/revisions\/11019"}],"wp:featuredmedia":[{"embeddable":true,"href":"https:\/\/www.volkswouter.nl\/web\/wp-json\/wp\/v2\/media\/10990"}],"wp:attachment":[{"href":"https:\/\/www.volkswouter.nl\/web\/wp-json\/wp\/v2\/media?parent=149"}],"wp:term":[{"taxonomy":"category","embeddable":true,"href":"https:\/\/www.volkswouter.nl\/web\/wp-json\/wp\/v2\/categories?post=149"},{"taxonomy":"post_tag","embeddable":true,"href":"https:\/\/www.volkswouter.nl\/web\/wp-json\/wp\/v2\/tags?post=149"}],"curies":[{"name":"wp","href":"https:\/\/api.w.org\/{rel}","templated":true}]}}